{"id":297,"date":"2026-08-05T23:29:56","date_gmt":"2026-08-05T23:29:56","guid":{"rendered":"https:\/\/eduinfo.com.br\/blog-da-edu\/?p=297"},"modified":"2026-08-06T04:12:24","modified_gmt":"2026-08-06T04:12:24","slug":"inclusao-que-transforma-por-que-as-salas-de-autorregulacao-sao-essenciais-para-o-futuro-da-educacao","status":"publish","type":"post","link":"https:\/\/eduinfo.com.br\/blog-da-edu\/inclusao-que-transforma-por-que-as-salas-de-autorregulacao-sao-essenciais-para-o-futuro-da-educacao\/","title":{"rendered":"Inclus\u00e3o que transforma: Por que as salas de autorregula\u00e7\u00e3o s\u00e3o essenciais para o futuro da educa\u00e7\u00e3o"},"content":{"rendered":"\n<p class=\"has-text-align-left wp-block-paragraph\">A escola do futuro n\u00e3o ser\u00e1 definida apenas pela tecnologia e sim pela forma como acolhe, desenvolve e respeita as necessidades de cada estudante.<br>Nos \u00faltimos anos, a inclus\u00e3o deixou de ser um diferencial para se tornar uma responsabilidade das institui\u00e7\u00f5es de ensino. N\u00e3o se trata apenas de cumprir diretrizes, as escolas t\u00eam o desafio de criar ambientes capazes de promover seguran\u00e7a emocional, autonomia, pertencimento e desenvolvimento para todos os alunos. Nesse cen\u00e1rio, as salas de autorregula\u00e7\u00e3o ganham um papel cada vez mais estrat\u00e9gico.<br>Esses espa\u00e7os s\u00e3o projetados para oferecer suporte sensorial aos estudantes, permitindo que eles desenvolvam habilidades de autorregula\u00e7\u00e3o, reduzam est\u00edmulos excessivos e recuperem o equil\u00edbrio necess\u00e1rio para retornar \u00e0s atividades pedag\u00f3gicas com mais conforto e confian\u00e7a. S\u00e3o ambientes que beneficiam alunos neurodivergentes, estudantes com necessidades espec\u00edficas e, principalmente, toda a comunidade escolar, fortalecendo uma cultura de acolhimento e respeito \u00e0s diferen\u00e7as. <br><\/p>\n\n\n\n<p class=\"has-text-align-left wp-block-paragraph\">Na Eduinfo, acreditamos que a inclus\u00e3o come\u00e7a pelo ambiente. Foi com esse prop\u00f3sito que desenvolvemos a linha <strong>Neurospace<\/strong>, uma solu\u00e7\u00e3o completa que transforma espa\u00e7os em experi\u00eancias cuidadosamente planejadas para atender \u00e0s necessidades de cada institui\u00e7\u00e3o. Cada projeto considera aspectos como ergonomia, conforto, est\u00edmulos visuais e t\u00e1teis, seguran\u00e7a e funcionalidade, garantindo ambientes acolhedores e preparados para contribuir com o desenvolvimento integral dos estudantes. <br><\/p>\n\n\n\n<figure class=\"wp-block-image size-large\"><img fetchpriority=\"high\" decoding=\"async\" width=\"1024\" height=\"572\" src=\"https:\/\/eduinfo.com.br\/blog-da-edu\/wp-content\/uploads\/2026\/08\/WhatsApp-Image-2026-08-04-at-08.45.10-1024x572.jpeg\" alt=\"\" class=\"wp-image-300\" srcset=\"https:\/\/eduinfo.com.br\/blog-da-edu\/wp-content\/uploads\/2026\/08\/WhatsApp-Image-2026-08-04-at-08.45.10-1024x572.jpeg 1024w, https:\/\/eduinfo.com.br\/blog-da-edu\/wp-content\/uploads\/2026\/08\/WhatsApp-Image-2026-08-04-at-08.45.10-300x167.jpeg 300w, https:\/\/eduinfo.com.br\/blog-da-edu\/wp-content\/uploads\/2026\/08\/WhatsApp-Image-2026-08-04-at-08.45.10-768x429.jpeg 768w, https:\/\/eduinfo.com.br\/blog-da-edu\/wp-content\/uploads\/2026\/08\/WhatsApp-Image-2026-08-04-at-08.45.10-1536x857.jpeg 1536w, https:\/\/eduinfo.com.br\/blog-da-edu\/wp-content\/uploads\/2026\/08\/WhatsApp-Image-2026-08-04-at-08.45.10.jpeg 1600w\" sizes=\"(max-width: 1024px) 100vw, 1024px\" \/><\/figure>\n\n\n\n<p class=\"has-text-align-left wp-block-paragraph\"><br>Acreditamos que investir em uma sala de autorregula\u00e7\u00e3o \u00e9 investir em uma educa\u00e7\u00e3o mais humana, acess\u00edvel e preparada para os desafios do presente e do futuro. Escolas que priorizam o bem-estar emocional criam ambientes mais saud\u00e1veis, fortalecem a aprendizagem e demonstram, na pr\u00e1tica, seu compromisso com uma educa\u00e7\u00e3o verdadeiramente inclusiva.<\/p>\n\n\n\n<figure class=\"wp-block-image size-large\"><img decoding=\"async\" width=\"1024\" height=\"768\" src=\"https:\/\/eduinfo.com.br\/blog-da-edu\/wp-content\/uploads\/2026\/08\/20260717_145951-1024x768.jpg\" alt=\"\" class=\"wp-image-301\" srcset=\"https:\/\/eduinfo.com.br\/blog-da-edu\/wp-content\/uploads\/2026\/08\/20260717_145951-1024x768.jpg 1024w, https:\/\/eduinfo.com.br\/blog-da-edu\/wp-content\/uploads\/2026\/08\/20260717_145951-300x225.jpg 300w, https:\/\/eduinfo.com.br\/blog-da-edu\/wp-content\/uploads\/2026\/08\/20260717_145951-768x576.jpg 768w, https:\/\/eduinfo.com.br\/blog-da-edu\/wp-content\/uploads\/2026\/08\/20260717_145951-1536x1152.jpg 1536w, https:\/\/eduinfo.com.br\/blog-da-edu\/wp-content\/uploads\/2026\/08\/20260717_145951-2048x1536.jpg 2048w\" sizes=\"(max-width: 1024px) 100vw, 1024px\" \/><\/figure>\n\n\n\n<p class=\"has-text-align-left wp-block-paragraph\"><br><strong>Conhe\u00e7a a Neurospace na 21\u00aa Feira Crescer 2026<\/strong><br><br>Nos dias 25 e 26 de agosto, a Eduinfo estar\u00e1 presente na Feira Crescer, promovida pelo grupo Rabbit, participando do tour <em>\u201cTomorrow School\u201d<\/em>, em parceria com a Samsung.<br>Durante a experi\u00eancia, os visitantes poder\u00e3o percorrer ambientes que representam a escola do futuro e conhecer, na pr\u00e1tica, como tecnologia, arquitetura e mobili\u00e1rio podem atuar de forma integrada para a transformar a educa\u00e7\u00e3o.<br>A sala Neurospace far\u00e1 parte dessa experi\u00eancia, permitindo que gestores e educadores vivenciem uma solu\u00e7\u00e3o desenvolvida para promover inclus\u00e3o, acolhimento e bem-estar dentro das institui\u00e7\u00f5es de ensino.<br>Se voc\u00ea acredita que a educa\u00e7\u00e3o do futuro come\u00e7a pelas escolhas feitas hoje, convidamos voc\u00ea a viver essa experi\u00eancia conosco. <br>Esperamos voc\u00ea na 21\u00aa edi\u00e7\u00e3o da Crescer 2026 para conhecer de perto como a Eduinfo est\u00e1 ajudando a construir escolas inovadoras e preparadas para transformar vidas.<br><\/p>\n","protected":false},"excerpt":{"rendered":"<p>A escola do futuro n\u00e3o ser\u00e1 definida apenas pela tecnologia e sim pela forma como acolhe, desenvolve e respeita as necessidades de cada estudante.Nos \u00faltimos anos, a inclus\u00e3o deixou de ser um diferencial para se tornar uma responsabilidade das institui\u00e7\u00f5es de ensino. N\u00e3o se trata apenas de cumprir diretrizes, as escolas t\u00eam o desafio de [&hellip;]<\/p>\n","protected":false},"author":2,"featured_media":302,"comment_status":"open","ping_status":"open","sticky":false,"template":"","format":"standard","meta":{"footnotes":""},"categories":[1],"tags":[],"class_list":["post-297","post","type-post","status-publish","format-standard","has-post-thumbnail","hentry","category-uncategorized"],"_links":{"self":[{"href":"https:\/\/eduinfo.com.br\/blog-da-edu\/wp-json\/wp\/v2\/posts\/297","targetHints":{"allow":["GET"]}}],"collection":[{"href":"https:\/\/eduinfo.com.br\/blog-da-edu\/wp-json\/wp\/v2\/posts"}],"about":[{"href":"https:\/\/eduinfo.com.br\/blog-da-edu\/wp-json\/wp\/v2\/types\/post"}],"author":[{"embeddable":true,"href":"https:\/\/eduinfo.com.br\/blog-da-edu\/wp-json\/wp\/v2\/users\/2"}],"replies":[{"embeddable":true,"href":"https:\/\/eduinfo.com.br\/blog-da-edu\/wp-json\/wp\/v2\/comments?post=297"}],"version-history":[{"count":4,"href":"https:\/\/eduinfo.com.br\/blog-da-edu\/wp-json\/wp\/v2\/posts\/297\/revisions"}],"predecessor-version":[{"id":305,"href":"https:\/\/eduinfo.com.br\/blog-da-edu\/wp-json\/wp\/v2\/posts\/297\/revisions\/305"}],"wp:featuredmedia":[{"embeddable":true,"href":"https:\/\/eduinfo.com.br\/blog-da-edu\/wp-json\/wp\/v2\/media\/302"}],"wp:attachment":[{"href":"https:\/\/eduinfo.com.br\/blog-da-edu\/wp-json\/wp\/v2\/media?parent=297"}],"wp:term":[{"taxonomy":"category","embeddable":true,"href":"https:\/\/eduinfo.com.br\/blog-da-edu\/wp-json\/wp\/v2\/categories?post=297"},{"taxonomy":"post_tag","embeddable":true,"href":"https:\/\/eduinfo.com.br\/blog-da-edu\/wp-json\/wp\/v2\/tags?post=297"}],"curies":[{"name":"wp","href":"https:\/\/api.w.org\/{rel}","templated":true}]}}