{"id":309,"date":"2026-09-03T13:15:58","date_gmt":"2026-09-03T13:15:58","guid":{"rendered":"https:\/\/eduinfo.com.br\/blog-da-edu\/?p=309"},"modified":"2026-09-03T13:26:14","modified_gmt":"2026-09-03T13:26:14","slug":"a-eduinfo-e-google-for-education-professional-development-partner-mais-um-passo-para-transformar-a-educacao","status":"publish","type":"post","link":"https:\/\/eduinfo.com.br\/blog-da-edu\/a-eduinfo-e-google-for-education-professional-development-partner-mais-um-passo-para-transformar-a-educacao\/","title":{"rendered":"A Eduinfo \u00e9 Google for Education &#8211; Professional Development Partner: mais um passo para transformar a educa\u00e7\u00e3o"},"content":{"rendered":"\n<p class=\"wp-block-paragraph\">&nbsp;A tecnologia s\u00f3 transforma a educa\u00e7\u00e3o quando as pessoas est\u00e3o preparadas para us\u00e1-la com prop\u00f3sito. \u00c9 por isso que a forma\u00e7\u00e3o de educadores est\u00e1 no centro da nossa jornada de inova\u00e7\u00e3o.<br><\/p>\n\n\n\n<p class=\"wp-block-paragraph\">Temos uma grande conquista para compartilhar: a <strong>Eduinfo agora \u00e9 oficialmente Google for Education &#8211; Professional Development Partner!<\/strong><br><\/p>\n\n\n\n<figure class=\"wp-block-image size-full\"><img fetchpriority=\"high\" decoding=\"async\" width=\"597\" height=\"513\" src=\"https:\/\/eduinfo.com.br\/blog-da-edu\/wp-content\/uploads\/2026\/09\/Captura-de-tela-2026-08-28-075959-edited.png\" alt=\"\" class=\"wp-image-312\" srcset=\"https:\/\/eduinfo.com.br\/blog-da-edu\/wp-content\/uploads\/2026\/09\/Captura-de-tela-2026-08-28-075959-edited.png 597w, https:\/\/eduinfo.com.br\/blog-da-edu\/wp-content\/uploads\/2026\/09\/Captura-de-tela-2026-08-28-075959-edited-300x258.png 300w\" sizes=\"(max-width: 597px) 100vw, 597px\" \/><\/figure>\n\n\n\n<div class=\"wp-block-buttons is-layout-flex wp-block-buttons-is-layout-flex\"><\/div>\n\n\n\n<p class=\"wp-block-paragraph\">Esse reconhecimento representa um novo cap\u00edtulo para a Eduinfo e refor\u00e7a um compromisso que j\u00e1 faz parte da nossa ess\u00eancia: <strong>aproximar tecnologia, conhecimento e pr\u00e1ticas pedag\u00f3gicas para ajudar as escolas a constru\u00edrem experi\u00eancias de aprendizagem mais inovadoras e significativas.<\/strong><\/p>\n\n\n\n<p class=\"wp-block-paragraph\"><strong>N\u00e3o \u00e9 apenas sobre tecnologia: pessoas preparadas para transformar<\/strong><\/p>\n\n\n\n<p class=\"wp-block-paragraph\">A transforma\u00e7\u00e3o digital nas escolas n\u00e3o acontece simplesmente pela chegada de novos dispositivos ou plataformas.<\/p>\n\n\n\n<p class=\"wp-block-paragraph\">Uma sala equipada com tecnologia s\u00f3 alcan\u00e7a seu verdadeiro potencial quando professores, coordenadores e gestores sabem <strong>como, quando e por que utiliz\u00e1-la.<\/strong><\/p>\n\n\n\n<p class=\"wp-block-paragraph\">\u00c9 nesse ponto que a forma\u00e7\u00e3o continuada se torna essencial.<\/p>\n\n\n\n<p class=\"wp-block-paragraph\">Ao se tornar <strong>Professional Development Partner do Google for Education<\/strong>, a Eduinfo amplia sua atua\u00e7\u00e3o na capacita\u00e7\u00e3o de profissionais da educa\u00e7\u00e3o, conectando conhecimento t\u00e9cnico e pedag\u00f3gico para que a tecnologia seja incorporada \u00e0 rotina da escola de maneira estrat\u00e9gica.<\/p>\n\n\n\n<figure class=\"wp-block-image size-large\"><img decoding=\"async\" width=\"1024\" height=\"576\" src=\"https:\/\/eduinfo.com.br\/blog-da-edu\/wp-content\/uploads\/2026\/09\/IMAGENS-BLOG-5-1024x576.png\" alt=\"\" class=\"wp-image-313\" srcset=\"https:\/\/eduinfo.com.br\/blog-da-edu\/wp-content\/uploads\/2026\/09\/IMAGENS-BLOG-5-1024x576.png 1024w, https:\/\/eduinfo.com.br\/blog-da-edu\/wp-content\/uploads\/2026\/09\/IMAGENS-BLOG-5-300x169.png 300w, https:\/\/eduinfo.com.br\/blog-da-edu\/wp-content\/uploads\/2026\/09\/IMAGENS-BLOG-5-768x432.png 768w, https:\/\/eduinfo.com.br\/blog-da-edu\/wp-content\/uploads\/2026\/09\/IMAGENS-BLOG-5-1536x864.png 1536w, https:\/\/eduinfo.com.br\/blog-da-edu\/wp-content\/uploads\/2026\/09\/IMAGENS-BLOG-5.png 1920w\" sizes=\"(max-width: 1024px) 100vw, 1024px\" \/><\/figure>\n\n\n\n<p class=\"wp-block-paragraph\"><strong>O que essa conquista representa para as escolas?<\/strong> Na pr\u00e1tica, essa nova parceria fortalece nossa capacidade de apoiar institui\u00e7\u00f5es que desejam avan\u00e7ar em sua jornada de transforma\u00e7\u00e3o digital.<\/p>\n\n\n\n<p class=\"wp-block-paragraph\"><strong>Forma\u00e7\u00e3o qualificada<\/strong>: A capacita\u00e7\u00e3o dos profissionais passa a contar como conhecimento e metodologia alinhadas ao ecossistema Google for Education, contribuindo para o desenvolvimento de compet\u00eancias digitais dentro das institui\u00e7\u00f5es.<\/p>\n\n\n\n<p class=\"wp-block-paragraph\"><strong>Tecnologia com prop\u00f3sito pedag\u00f3gico<\/strong>: Al\u00e9m de ensinar a utilizar uma ferramenta, o objetivo \u00e9 ajudar os educadores a compreenderem como os recursos tecnol\u00f3gicos podem apoiar diferentes objetivos de aprendizagem, colabora\u00e7\u00e3o, comunica\u00e7\u00e3o e gest\u00e3o.<\/p>\n\n\n\n<p class=\"wp-block-paragraph\"><strong>Desenvolvimento cont\u00ednuo dos educadores<\/strong>: Professores e equipes pedag\u00f3gicas precisam estar em constante evolu\u00e7\u00e3o para acompanhar as mudan\u00e7as na educa\u00e7\u00e3o e na sociedade. A forma\u00e7\u00e3o continuada cria oportunidades para experimentar novas possibilidades e transformar pr\u00e1ticas.<\/p>\n\n\n\n<p class=\"wp-block-paragraph\"><strong>Uma jornada constru\u00edda em parceria<\/strong>: Cada escola possui uma realidade, uma cultura e desafios diferentes. Por isso, a transforma\u00e7\u00e3o digital precisa ser constru\u00edda de forma pr\u00f3xima, considerando as necessidades de cada comunidade escolar.<\/p>\n\n\n\n<p class=\"wp-block-paragraph\"><strong>A inova\u00e7\u00e3o come\u00e7a pelas pessoas<\/strong>: Quando falamos sobre a escola do futuro, \u00e9 comum pensarmos primeiro em intelig\u00eancia artificial, dispositivos, salas inteligentes e novas plataformas.<\/p>\n\n\n\n<p class=\"wp-block-paragraph\">Mas&nbsp; existe um elemento que continua sendo indispens\u00e1vel: <strong>o educador.<\/strong> \u00c9 ele quem transforma uma ferramenta em uma experi\u00eancia de aprendizagem. \u00c9 ele quem entende as necessidades dos alunos. \u00c9 ele quem conecta tecnologia ao curr\u00edculo, \u00e0 criatividade, \u00e0 colabora\u00e7\u00e3o e ao desenvolvimento de compet\u00eancias.<\/p>\n\n\n\n<p class=\"wp-block-paragraph\">Por isso, acreditamos que investir em tecnologia tamb\u00e9m significa <strong>investir nas pessoas que ir\u00e3o utiliz\u00e1-la.<\/strong><\/p>\n\n\n\n<p class=\"wp-block-paragraph\"><strong>Uma nova etapa na jornada da Eduinfo<\/strong>. A conquista do t\u00edtulo PD Partner se soma \u00e0 nossa trajet\u00f3ria de atua\u00e7\u00e3o em diferentes frentes da educa\u00e7\u00e3o.<\/p>\n\n\n\n<figure class=\"wp-block-image size-large\"><img decoding=\"async\" width=\"1024\" height=\"572\" src=\"https:\/\/eduinfo.com.br\/blog-da-edu\/wp-content\/uploads\/2026\/09\/Gemini_Generated_Image_r9brp4r9brp4r9br-1024x572.jpg\" alt=\"\" class=\"wp-image-314\" srcset=\"https:\/\/eduinfo.com.br\/blog-da-edu\/wp-content\/uploads\/2026\/09\/Gemini_Generated_Image_r9brp4r9brp4r9br-1024x572.jpg 1024w, https:\/\/eduinfo.com.br\/blog-da-edu\/wp-content\/uploads\/2026\/09\/Gemini_Generated_Image_r9brp4r9brp4r9br-300x167.jpg 300w, https:\/\/eduinfo.com.br\/blog-da-edu\/wp-content\/uploads\/2026\/09\/Gemini_Generated_Image_r9brp4r9brp4r9br-767x428.jpg 767w, https:\/\/eduinfo.com.br\/blog-da-edu\/wp-content\/uploads\/2026\/09\/Gemini_Generated_Image_r9brp4r9brp4r9br-1536x857.jpg 1536w, https:\/\/eduinfo.com.br\/blog-da-edu\/wp-content\/uploads\/2026\/09\/Gemini_Generated_Image_r9brp4r9brp4r9br-2048x1143.jpg 2048w\" sizes=\"(max-width: 1024px) 100vw, 1024px\" \/><\/figure>\n\n\n\n<p class=\"wp-block-paragraph\">Na Eduinfo, acreditamos que transformar ambientes de aprendizagem exige olhar para o todo e que esses pilares precisam conversar entre si para criar experi\u00eancias mais conectadas \u00e0s novas formas de ensinar e aprender.<\/p>\n\n\n\n<p class=\"wp-block-paragraph\">Agora, fortalecemos ainda mais o pilar de <strong>Forma\u00e7\u00e3o<\/strong>, levando conhecimento e desenvolvimento profissional para dentro dessa transforma\u00e7\u00e3o.<\/p>\n\n\n\n<p class=\"wp-block-paragraph\">Porque o futuro da educa\u00e7\u00e3o n\u00e3o depende apenas das tecnologias que chegam \u00e0s escolas.<\/p>\n\n\n\n<p class=\"wp-block-paragraph\"><strong>Depende das pessoas preparadas para transformar essas tecnologias em novas possibilidades de aprendizagem.<\/strong><\/p>\n\n\n\n<p class=\"wp-block-paragraph\">\u00c9 nessa jornada que queremos continuar ao lado das escolas.<\/p>\n\n\n\n<p class=\"wp-block-paragraph\"><strong>Quer preparar sua equipe para a educa\u00e7\u00e3o do futuro?<\/strong><\/p>\n\n\n\n<p class=\"wp-block-paragraph\"><strong>Fale com a Eduinfo e descubra como nossas solu\u00e7\u00f5es de forma\u00e7\u00e3o podem apoiar a jornada de transforma\u00e7\u00e3o digital da sua institui\u00e7\u00e3o.<\/strong><\/p>\n\n\n\n<div class=\"wp-block-buttons is-content-justification-center is-layout-flex wp-container-core-buttons-is-layout-20959078 wp-block-buttons-is-layout-flex\">\n<div class=\"wp-block-button is-style-fill\"><a class=\"wp-block-button__link has-text-align-center wp-element-button\" href=\"https:\/\/api.whatsapp.com\/send\/?phone=5511977890021&amp;text=Ol%C3%A1%2C+vim+pelo+Blog+da+Eduinfo+e+gostaria+de+saber+mais%21&amp;type=phone_number&amp;app_absent=0\">Falar com um especialista<\/a><\/div>\n<\/div>\n","protected":false},"excerpt":{"rendered":"<p>&nbsp;A tecnologia s\u00f3 transforma a educa\u00e7\u00e3o quando as pessoas est\u00e3o preparadas para us\u00e1-la com prop\u00f3sito. \u00c9 por isso que a forma\u00e7\u00e3o de educadores est\u00e1 no centro da nossa jornada de inova\u00e7\u00e3o. Temos uma grande conquista para compartilhar: a Eduinfo agora \u00e9 oficialmente Google for Education &#8211; Professional Development Partner! Esse reconhecimento representa um novo cap\u00edtulo [&hellip;]<\/p>\n","protected":false},"author":2,"featured_media":316,"comment_status":"open","ping_status":"open","sticky":false,"template":"","format":"standard","meta":{"footnotes":""},"categories":[1],"tags":[],"class_list":["post-309","post","type-post","status-publish","format-standard","has-post-thumbnail","hentry","category-uncategorized"],"_links":{"self":[{"href":"https:\/\/eduinfo.com.br\/blog-da-edu\/wp-json\/wp\/v2\/posts\/309","targetHints":{"allow":["GET"]}}],"collection":[{"href":"https:\/\/eduinfo.com.br\/blog-da-edu\/wp-json\/wp\/v2\/posts"}],"about":[{"href":"https:\/\/eduinfo.com.br\/blog-da-edu\/wp-json\/wp\/v2\/types\/post"}],"author":[{"embeddable":true,"href":"https:\/\/eduinfo.com.br\/blog-da-edu\/wp-json\/wp\/v2\/users\/2"}],"replies":[{"embeddable":true,"href":"https:\/\/eduinfo.com.br\/blog-da-edu\/wp-json\/wp\/v2\/comments?post=309"}],"version-history":[{"count":3,"href":"https:\/\/eduinfo.com.br\/blog-da-edu\/wp-json\/wp\/v2\/posts\/309\/revisions"}],"predecessor-version":[{"id":319,"href":"https:\/\/eduinfo.com.br\/blog-da-edu\/wp-json\/wp\/v2\/posts\/309\/revisions\/319"}],"wp:featuredmedia":[{"embeddable":true,"href":"https:\/\/eduinfo.com.br\/blog-da-edu\/wp-json\/wp\/v2\/media\/316"}],"wp:attachment":[{"href":"https:\/\/eduinfo.com.br\/blog-da-edu\/wp-json\/wp\/v2\/media?parent=309"}],"wp:term":[{"taxonomy":"category","embeddable":true,"href":"https:\/\/eduinfo.com.br\/blog-da-edu\/wp-json\/wp\/v2\/categories?post=309"},{"taxonomy":"post_tag","embeddable":true,"href":"https:\/\/eduinfo.com.br\/blog-da-edu\/wp-json\/wp\/v2\/tags?post=309"}],"curies":[{"name":"wp","href":"https:\/\/api.w.org\/{rel}","templated":true}]}}